{"id":1323,"date":"2019-06-20T14:55:41","date_gmt":"2019-06-20T12:55:41","guid":{"rendered":"http:\/\/universiteactu.com\/?p=1323"},"modified":"2019-07-18T17:37:04","modified_gmt":"2019-07-18T15:37:04","slug":"ceux-qui-ont-des-faux-diplomes-on-ne-les-prendra-pas-tranche-mory-sangare","status":"publish","type":"post","link":"https:\/\/universiteactu.com\/?p=1323","title":{"rendered":"\u00ab\u00a0Ceux qui ont des faux dipl\u00f4mes, on ne les prendra pas &#8230;\u00a0\u00bb, tranche Mory Sangar\u00e9"},"content":{"rendered":"\n<p class=\"has-drop-cap\">En d\u00e9but de semaine, la coordination nationale des enseignants contractuels de Guin\u00e9e (CNECG), qui exigent leur int\u00e9gration \u00e0 la fonction publique sans concours, ni test, avant les examens nationaux, a rencontr\u00e9 le ministre en charge de l\u2019\u00e9ducation nationale.<\/p>\n\n\n\n<p>Mory Sangar\u00e9 qui d\u00e9cline toute responsabilit\u00e9 de son d\u00e9partement face \u00e0 leur sort, leur a dit toutes ses v\u00e9rit\u00e9s.<\/p>\n\n\n\n<p>\u00ab C\u2019est le minist\u00e8re de la fonction publique seule qui est habilit\u00e9 \u00e0 engager un enseignant en qualit\u00e9 de fonctionnaire. Ce n\u2019est pas le minist\u00e8re de l\u2019\u00e9ducation nationale qui recrute. Je l\u2019ai dit et redit\u2026 Nous, nous avons pris vos dossiers pour vous privil\u00e9gier puisque nous sommes ensemble, vous avez travaill\u00e9 avec nous. Nous avons pens\u00e9 que s\u2019il doit y avoir un recrutement, la priorit\u00e9 devrait vous \u00eatre accord\u00e9e. C\u2019est tout ce que nous avons fait en votre faveur que nous pouvons faire. Si le recrutement \u00e9tait dans nos pr\u00e9rogatives, peut-\u00eatre qu\u2019on l\u2019aurait fait tout de suite. Ce que je g\u00e8re, la fonction publique recrute les meilleurs parmi vous et par arr\u00eat\u00e9 et met ces enseignants-l\u00e0 \u00e0 la disposition du minist\u00e8re de l\u2019\u00e9ducation nationale pour \u00eatre en classe. Si vous vous f\u00e2ch\u00e9 contre nous, vous vous \u00eates tromp\u00e9 de porte \u00bb, a martel\u00e9 le ministre de l\u2019\u00e9ducation nationale.<\/p>\n\n\n\n<p>\u00ab La derni\u00e8re fois vous \u00eates venus avec une liste de 7000 enseignants contractuels, c\u2019est vous qui les avez recens\u00e9s, vous avez dit qu\u2019il faut que l\u2019on prenne cette liste-l\u00e0 en compte parce que c\u2019est les vrais contractuels. Apr\u00e8s comparaison, il y avait des gens dont les dipl\u00f4mes ont \u00e9t\u00e9 jug\u00e9s faux, qui avaient \u00e9t\u00e9 ramen\u00e9s par ces contractuels et il y avait d\u2019autres qui ne s\u2019\u00e9taient jamais manifest\u00e9s et qui n\u2019ont leurs noms ni sur la base des donn\u00e9es du minist\u00e8re de l\u2019\u00e9ducation, ni sur la liste des gens qui avaient b\u00e9n\u00e9fici\u00e9 de la prime d\u2019accompagnement au niveau du minist\u00e8re du budget \u00bb, a-t-il ajout\u00e9 devant les contractuels.<\/p>\n\n\n\n<p>Ceux qui ont des faux dipl\u00f4mes, on ne les prendra pas, tranche le ministre.<\/p>\n\n\n\n<p>Ceux qui ont des vrais dipl\u00f4mes vont attendre le recrutement et les nouveaux aussi ne seront pas pris avant d\u2019authentifier leurs dipl\u00f4mes, les a-t-il rassur\u00e9s.<\/p>\n\n\n\n<p>Ces enseignants contractuels, avaient exig\u00e9 du ministre, la publication de la liste finale issue de leur recensement dans les 24 heures qui suivaient, \u00e0 compter de la date du lundi 17 juin 2019.<\/p>\n\n\n\n<p>Mory Sangar\u00e9 leur a r\u00e9pondu que ni lui ni un membre de son d\u00e9partement, n\u2019a donn\u00e9 l\u2019instruction de recenser un enseignant contractuel. \u00ab Celui qui vous a recens\u00e9, c\u2019est Mabinty \u00bb, a-t-il affirm\u00e9.<\/p>\n\n\n\n<p>Il leur a propos\u00e9 de deux choses l\u2019une : \u00ab soit vous nous donnez le temps d\u2019authentifier ces dipl\u00f4mes des nouveaux que vous avez envoy\u00e9s ou si vous voulez que ce qui est publi\u00e9-l\u00e0, qu\u2019on se contente de \u00e7a, vous \u00e9crivez \u00bb, leur a dit le ministre.<\/p>\n\n\n\n<p>Tidiane Diallo pour&nbsp;<a href=\"http:\/\/universiteactu.com\/\" target=\"_blank\" rel=\"noreferrer noopener\">universiteactu.com<\/a><\/p>\n","protected":false},"excerpt":{"rendered":"<p>En d\u00e9but de semaine, la coordination nationale des enseignants contractuels de Guin\u00e9e (CNECG), qui exigent leur int\u00e9gration \u00e0 la fonction publique sans concours, ni test, avant les examens nationaux, a rencontr\u00e9 le ministre en charge de l\u2019\u00e9ducation nationale. Mory Sangar\u00e9 qui d\u00e9cline toute responsabilit\u00e9 de son d\u00e9partement face \u00e0 leur sort, leur a dit toutes [&hellip;]<\/p>\n","protected":false},"author":4,"featured_media":1326,"comment_status":"open","ping_status":"open","sticky":false,"template":"","format":"standard","meta":[],"categories":[2,21],"tags":[],"_links":{"self":[{"href":"https:\/\/universiteactu.com\/index.php?rest_route=\/wp\/v2\/posts\/1323"}],"collection":[{"href":"https:\/\/universiteactu.com\/index.php?rest_route=\/wp\/v2\/posts"}],"about":[{"href":"https:\/\/universiteactu.com\/index.php?rest_route=\/wp\/v2\/types\/post"}],"author":[{"embeddable":true,"href":"https:\/\/universiteactu.com\/index.php?rest_route=\/wp\/v2\/users\/4"}],"replies":[{"embeddable":true,"href":"https:\/\/universiteactu.com\/index.php?rest_route=%2Fwp%2Fv2%2Fcomments&post=1323"}],"version-history":[{"count":1,"href":"https:\/\/universiteactu.com\/index.php?rest_route=\/wp\/v2\/posts\/1323\/revisions"}],"predecessor-version":[{"id":1325,"href":"https:\/\/universiteactu.com\/index.php?rest_route=\/wp\/v2\/posts\/1323\/revisions\/1325"}],"wp:featuredmedia":[{"embeddable":true,"href":"https:\/\/universiteactu.com\/index.php?rest_route=\/wp\/v2\/media\/1326"}],"wp:attachment":[{"href":"https:\/\/universiteactu.com\/index.php?rest_route=%2Fwp%2Fv2%2Fmedia&parent=1323"}],"wp:term":[{"taxonomy":"category","embeddable":true,"href":"https:\/\/universiteactu.com\/index.php?rest_route=%2Fwp%2Fv2%2Fcategories&post=1323"},{"taxonomy":"post_tag","embeddable":true,"href":"https:\/\/universiteactu.com\/index.php?rest_route=%2Fwp%2Fv2%2Ftags&post=1323"}],"curies":[{"name":"wp","href":"https:\/\/api.w.org\/{rel}","templated":true}]}}