{"id":11923,"date":"2022-01-10T10:34:22","date_gmt":"2022-01-10T09:34:22","guid":{"rendered":"http:\/\/universiteactu.com\/?p=11923"},"modified":"2022-01-10T10:34:23","modified_gmt":"2022-01-10T09:34:23","slug":"formation-professionnel-labe-le-cfp-confronte-au-manque-denseignants","status":"publish","type":"post","link":"https:\/\/universiteactu.com\/?p=11923","title":{"rendered":"Formation Professionnel\/Lab\u00e9: Le CFP  confront\u00e9 au manque d\u2019Enseignants"},"content":{"rendered":"\n<p class=\"has-drop-cap\">Depuis un certain temps, le Centre de Formation Professionnel (CFP) de Lab\u00e9 est confront\u00e9 \u00e0 un manque criard d\u2019Enseignants. Cette situation est due, selon nos sources d\u2019informations, \u00e0 la mise \u00e0 la retraite d\u2019un nombre important de Professeurs au niveau de ce centre d\u2019apprentissage. Un souci \u00a0qui impacte n\u00e9gativement le bon fonctionnement de l\u2019\u00c9tablissement.<\/p>\n\n\n\n<p>L\u2019annonce de la mise \u00e0 la retraite des 6&nbsp;300 fonctionnaires au mois de novembre dernier par le gouvernement de la transition a caus\u00e9 pas mal de d\u00e9sagr\u00e9ments au niveau de bon nombre de secteurs socio professionnels de l\u2019enseignement technique \u00e0 travers le pays.&nbsp; Et Lab\u00e9 n\u2019\u00e9chappe pas \u00e0 cette r\u00e9alit\u00e9.<\/p>\n\n\n\n<p>Rencontr\u00e9 ce vendredi 07 janvier, le Directeur par int\u00e9rim du CFP, nous a confi\u00e9 que pr\u00e9sentement les cours sont perturb\u00e9s dans plusieurs fili\u00e8res.<\/p>\n\n\n\n<p><em><strong>\u00ab\u00a0 Il y a des fili\u00e8res o\u00f9 un manque r\u00e9el de charg\u00e9 de cours sp\u00e9cialis\u00e9 se fait sentir. En \u00e9lectricit\u00e9, la difficult\u00e9 majeure que nous avons aujourd\u2019hui, c\u2019est l\u2019insuffisance de charg\u00e9 de cours sp\u00e9cialis\u00e9. En Plomberie nous avons deux charg\u00e9s de cours sp\u00e9cialis\u00e9s. Mais, malheureusement, en chaudronnerie, M. Camara Ibrahima Sory, ex directeur qui faisait les cours de th\u00e9orie, n\u2019assume plus cette t\u00e2che. En revanche, ce sont des retrait\u00e9s volontaires qui viennent nous donner un coup de main. \u00a0c\u2019est vraiment \u00a0difficile\u00a0\u00bb<\/strong><\/em>\u00a0explique Saidou TOURE.<\/p>\n\n\n\n<p>Tout en revenant sur les causes r\u00e9elles, de ce dysfonctionnement de la dispense des cours, notre interlocuteur a \u00e9galement rappel\u00e9 l\u2019importance de la formation des techniciens dans un pays.<\/p>\n\n\n\n<p><strong><em>\u00ab\u00a0Compte tenu du manque de professeurs, qui sont partis \u00e0 la retraite et certains qui sont d\u00e9c\u00e9d\u00e9s ou malades, les techniciens doivent se mettre au travail.\u00a0 Pour cela, l\u2019utilisation du mat\u00e9riel d\u2019\u0153uvre est indispensable. En plus de la n\u00e9cessit\u00e9 du recrutement des charg\u00e9s de de cours sp\u00e9cialis\u00e9s, se mettre au travail au service de la nation est de mise\u00a0\u00bb.<\/em><\/strong>\u00a0Rench\u00e9rit le directeur par int\u00e9rim du CFP de Lab\u00e9.<\/p>\n\n\n\n<p>Pour finir, Saidou TOURE,\u00a0 a lanc\u00e9 un appel \u00e0 l\u2019endroit des autorit\u00e9s, afin que celles-ci pr\u00eatent une attention particuli\u00e8re \u00e0 cet \u00e9tat de fait d\u00e9plorable du CFP de Lab\u00e9.<\/p>\n\n\n\n<p><strong><em>\u00ab\u00a0Nous demandons aux autorit\u00e9s de nous aider \u00e0 r\u00e9soudre les probl\u00e8mes qui nous assaillent\u00a0dans l\u2019enceinte de l\u2019\u00e9tablissement. Nous savons bien que tous ces probl\u00e8mes ne pourront pas \u00eatre\u00a0r\u00e9solus d\u2019un trait. Mais, comme ils nous ont promis de venir \u00e0 notre secours, alors nous comptons\u00a0enti\u00e8rement sur eux afin que nous puissions contribuer efficacement \u00e0 la promotion de la \u00a0technique et la technologie dans notre pays\u00a0\u00bb\u00a0<\/em><\/strong>dira en substance Saidou TOURE.<\/p>\n\n\n\n<p>mediaguinee<\/p>\n","protected":false},"excerpt":{"rendered":"<p>Depuis un certain temps, le Centre de Formation Professionnel (CFP) de Lab\u00e9 est confront\u00e9 \u00e0 un manque criard d\u2019Enseignants. Cette situation est due, selon nos sources d\u2019informations, \u00e0 la mise \u00e0 la retraite d\u2019un nombre important de Professeurs au niveau de ce centre d\u2019apprentissage. Un souci \u00a0qui impacte n\u00e9gativement le bon fonctionnement de l\u2019\u00c9tablissement. L\u2019annonce [&hellip;]<\/p>\n","protected":false},"author":4,"featured_media":11924,"comment_status":"open","ping_status":"open","sticky":false,"template":"","format":"standard","meta":[],"categories":[12,2,15,14,16],"tags":[],"_links":{"self":[{"href":"https:\/\/universiteactu.com\/index.php?rest_route=\/wp\/v2\/posts\/11923"}],"collection":[{"href":"https:\/\/universiteactu.com\/index.php?rest_route=\/wp\/v2\/posts"}],"about":[{"href":"https:\/\/universiteactu.com\/index.php?rest_route=\/wp\/v2\/types\/post"}],"author":[{"embeddable":true,"href":"https:\/\/universiteactu.com\/index.php?rest_route=\/wp\/v2\/users\/4"}],"replies":[{"embeddable":true,"href":"https:\/\/universiteactu.com\/index.php?rest_route=%2Fwp%2Fv2%2Fcomments&post=11923"}],"version-history":[{"count":1,"href":"https:\/\/universiteactu.com\/index.php?rest_route=\/wp\/v2\/posts\/11923\/revisions"}],"predecessor-version":[{"id":11925,"href":"https:\/\/universiteactu.com\/index.php?rest_route=\/wp\/v2\/posts\/11923\/revisions\/11925"}],"wp:featuredmedia":[{"embeddable":true,"href":"https:\/\/universiteactu.com\/index.php?rest_route=\/wp\/v2\/media\/11924"}],"wp:attachment":[{"href":"https:\/\/universiteactu.com\/index.php?rest_route=%2Fwp%2Fv2%2Fmedia&parent=11923"}],"wp:term":[{"taxonomy":"category","embeddable":true,"href":"https:\/\/universiteactu.com\/index.php?rest_route=%2Fwp%2Fv2%2Fcategories&post=11923"},{"taxonomy":"post_tag","embeddable":true,"href":"https:\/\/universiteactu.com\/index.php?rest_route=%2Fwp%2Fv2%2Ftags&post=11923"}],"curies":[{"name":"wp","href":"https:\/\/api.w.org\/{rel}","templated":true}]}}