{"id":11849,"date":"2022-01-06T09:59:17","date_gmt":"2022-01-06T08:59:17","guid":{"rendered":"http:\/\/universiteactu.com\/?p=11849"},"modified":"2022-01-06T10:00:04","modified_gmt":"2022-01-06T09:00:04","slug":"mepu-a-le-ministre-guillaume-hawing-recoit-les-14-vrais-boursiers-et-les-felicite","status":"publish","type":"post","link":"https:\/\/universiteactu.com\/?p=11849","title":{"rendered":"Guin\u00e9e\/MEPU-A: Le ministre Guillaume HAWING re\u00e7oit les 14 vrais boursiers et les f\u00e9licite"},"content":{"rendered":"\n<p class=\"has-drop-cap\">Le Ministre de l\u2019Enseignement Pr\u00e9-Universitaire et de l\u2019Alphab\u00e9tisation a re\u00e7u ce mercredi 05 Janvier 2022, les 14 laur\u00e9ats des session 2020 et 2021 (Enseignement G\u00e9n\u00e9ral et Franco-Arabe).<\/p>\n\n\n\n<figure class=\"wp-block-image size-large\"><img decoding=\"async\" loading=\"lazy\" width=\"720\" height=\"498\" src=\"http:\/\/universiteactu.com\/wp-content\/uploads\/2022\/01\/FB_IMG_1641406373537.jpg\" alt=\"\" class=\"wp-image-11838\" srcset=\"https:\/\/universiteactu.com\/wp-content\/uploads\/2022\/01\/FB_IMG_1641406373537.jpg 720w, https:\/\/universiteactu.com\/wp-content\/uploads\/2022\/01\/FB_IMG_1641406373537-300x208.jpg 300w, https:\/\/universiteactu.com\/wp-content\/uploads\/2022\/01\/FB_IMG_1641406373537-607x420.jpg 607w, https:\/\/universiteactu.com\/wp-content\/uploads\/2022\/01\/FB_IMG_1641406373537-640x443.jpg 640w, https:\/\/universiteactu.com\/wp-content\/uploads\/2022\/01\/FB_IMG_1641406373537-681x471.jpg 681w\" sizes=\"(max-width: 720px) 100vw, 720px\" \/><\/figure>\n\n\n\n<p>R\u00e9tablis dans leur droit gr\u00e2ce aux efforts des nouvelles autorit\u00e9s \u00e0 travers le MEPU-A, ces laur\u00e9ats qui se sont vus priv\u00e9s de leurs bourses pour les \u00e9tudes sup\u00e9rieures au Maroc ont re\u00e7u les f\u00e9licitations et encouragements du Ministre de l\u2019Enseignement Pr\u00e9-Universitaire.<\/p>\n\n\n\n<figure class=\"wp-block-image size-large\"><img decoding=\"async\" loading=\"lazy\" width=\"720\" height=\"668\" src=\"http:\/\/universiteactu.com\/wp-content\/uploads\/2022\/01\/FB_IMG_1641406343977.jpg\" alt=\"\" class=\"wp-image-11836\" srcset=\"https:\/\/universiteactu.com\/wp-content\/uploads\/2022\/01\/FB_IMG_1641406343977.jpg 720w, https:\/\/universiteactu.com\/wp-content\/uploads\/2022\/01\/FB_IMG_1641406343977-300x278.jpg 300w, https:\/\/universiteactu.com\/wp-content\/uploads\/2022\/01\/FB_IMG_1641406343977-453x420.jpg 453w, https:\/\/universiteactu.com\/wp-content\/uploads\/2022\/01\/FB_IMG_1641406343977-640x594.jpg 640w, https:\/\/universiteactu.com\/wp-content\/uploads\/2022\/01\/FB_IMG_1641406343977-681x632.jpg 681w\" sizes=\"(max-width: 720px) 100vw, 720px\" \/><\/figure>\n\n\n\n<p><em><strong>\u00ab\u00a0Le pr\u00e9sident de la R\u00e9publique et tout le gouvernement sont fiers de savoir que des jeunes guin\u00e9ens ont \u00e9t\u00e9 r\u00e9tablis dans leurs droits. Je vous confie le drapeau Guin\u00e9en. Faites tout pour l\u2019honorer \u00a0\u00bb<\/strong><\/em> a t-il affirm\u00e9.<\/p>\n\n\n\n<figure class=\"wp-block-image size-large\"><img decoding=\"async\" loading=\"lazy\" width=\"720\" height=\"430\" src=\"http:\/\/universiteactu.com\/wp-content\/uploads\/2022\/01\/FB_IMG_1641406348827.jpg\" alt=\"\" class=\"wp-image-11833\" srcset=\"https:\/\/universiteactu.com\/wp-content\/uploads\/2022\/01\/FB_IMG_1641406348827.jpg 720w, https:\/\/universiteactu.com\/wp-content\/uploads\/2022\/01\/FB_IMG_1641406348827-300x179.jpg 300w, https:\/\/universiteactu.com\/wp-content\/uploads\/2022\/01\/FB_IMG_1641406348827-703x420.jpg 703w, https:\/\/universiteactu.com\/wp-content\/uploads\/2022\/01\/FB_IMG_1641406348827-640x382.jpg 640w, https:\/\/universiteactu.com\/wp-content\/uploads\/2022\/01\/FB_IMG_1641406348827-681x407.jpg 681w\" sizes=\"(max-width: 720px) 100vw, 720px\" \/><\/figure>\n\n\n\n<p>Le porte-parole des laur\u00e9ats a, lui aussi, exprim\u00e9, au nom du groupe, sa satisfaction pour cet acte pos\u00e9 par le gouvernement guin\u00e9en avant d\u2019ajouter qu\u2019ils ne m\u00e9nageront aucun effort pour m\u00e9riter l\u2019espoir de la nation.<\/p>\n\n\n\n<figure class=\"wp-block-image size-large\"><img decoding=\"async\" loading=\"lazy\" width=\"720\" height=\"464\" src=\"http:\/\/universiteactu.com\/wp-content\/uploads\/2022\/01\/FB_IMG_1641406357463.jpg\" alt=\"\" class=\"wp-image-11830\" srcset=\"https:\/\/universiteactu.com\/wp-content\/uploads\/2022\/01\/FB_IMG_1641406357463.jpg 720w, https:\/\/universiteactu.com\/wp-content\/uploads\/2022\/01\/FB_IMG_1641406357463-300x194.jpg 300w, https:\/\/universiteactu.com\/wp-content\/uploads\/2022\/01\/FB_IMG_1641406357463-652x420.jpg 652w, https:\/\/universiteactu.com\/wp-content\/uploads\/2022\/01\/FB_IMG_1641406357463-341x220.jpg 341w, https:\/\/universiteactu.com\/wp-content\/uploads\/2022\/01\/FB_IMG_1641406357463-640x412.jpg 640w, https:\/\/universiteactu.com\/wp-content\/uploads\/2022\/01\/FB_IMG_1641406357463-681x439.jpg 681w\" sizes=\"(max-width: 720px) 100vw, 720px\" \/><\/figure>\n\n\n\n<p>Au terme de la rencontre, chaque laur\u00e9at a re\u00e7u sa fiche d\u2019acceptation comme boursier par les autorit\u00e9s Marocaines. Ils sont au total 14 laur\u00e9ats dont 7 en enseignement g\u00e9n\u00e9ral et 7 en Franco-Arabe sessions 2020 et 2021 \u00e0 b\u00e9n\u00e9ficier de ce privil\u00e8ge. La particularit\u00e9 \u00e9tant que c\u2019est une grande premi\u00e8re que des laur\u00e9ats Franco-Arabe b\u00e9n\u00e9ficient des bourses d\u2019\u00c9tudes pour le Maroc depuis une d\u00e9cennie.<\/p>\n\n\n\n<figure class=\"wp-block-image size-large\"><img decoding=\"async\" loading=\"lazy\" width=\"720\" height=\"635\" src=\"http:\/\/universiteactu.com\/wp-content\/uploads\/2022\/01\/FB_IMG_1641406396403.jpg\" alt=\"\" class=\"wp-image-11835\" srcset=\"https:\/\/universiteactu.com\/wp-content\/uploads\/2022\/01\/FB_IMG_1641406396403.jpg 720w, https:\/\/universiteactu.com\/wp-content\/uploads\/2022\/01\/FB_IMG_1641406396403-300x265.jpg 300w, https:\/\/universiteactu.com\/wp-content\/uploads\/2022\/01\/FB_IMG_1641406396403-476x420.jpg 476w, https:\/\/universiteactu.com\/wp-content\/uploads\/2022\/01\/FB_IMG_1641406396403-640x564.jpg 640w, https:\/\/universiteactu.com\/wp-content\/uploads\/2022\/01\/FB_IMG_1641406396403-681x601.jpg 681w\" sizes=\"(max-width: 720px) 100vw, 720px\" \/><\/figure>\n\n\n\n<p>Avenirguinee<\/p>\n","protected":false},"excerpt":{"rendered":"<p>Le Ministre de l\u2019Enseignement Pr\u00e9-Universitaire et de l\u2019Alphab\u00e9tisation a re\u00e7u ce mercredi 05 Janvier 2022, les 14 laur\u00e9ats des session 2020 et 2021 (Enseignement G\u00e9n\u00e9ral et Franco-Arabe). R\u00e9tablis dans leur droit gr\u00e2ce aux efforts des nouvelles autorit\u00e9s \u00e0 travers le MEPU-A, ces laur\u00e9ats qui se sont vus priv\u00e9s de leurs bourses pour les \u00e9tudes sup\u00e9rieures [&hellip;]<\/p>\n","protected":false},"author":4,"featured_media":11832,"comment_status":"open","ping_status":"open","sticky":false,"template":"","format":"standard","meta":[],"categories":[23,2,24,21,22],"tags":[],"_links":{"self":[{"href":"https:\/\/universiteactu.com\/index.php?rest_route=\/wp\/v2\/posts\/11849"}],"collection":[{"href":"https:\/\/universiteactu.com\/index.php?rest_route=\/wp\/v2\/posts"}],"about":[{"href":"https:\/\/universiteactu.com\/index.php?rest_route=\/wp\/v2\/types\/post"}],"author":[{"embeddable":true,"href":"https:\/\/universiteactu.com\/index.php?rest_route=\/wp\/v2\/users\/4"}],"replies":[{"embeddable":true,"href":"https:\/\/universiteactu.com\/index.php?rest_route=%2Fwp%2Fv2%2Fcomments&post=11849"}],"version-history":[{"count":2,"href":"https:\/\/universiteactu.com\/index.php?rest_route=\/wp\/v2\/posts\/11849\/revisions"}],"predecessor-version":[{"id":11851,"href":"https:\/\/universiteactu.com\/index.php?rest_route=\/wp\/v2\/posts\/11849\/revisions\/11851"}],"wp:featuredmedia":[{"embeddable":true,"href":"https:\/\/universiteactu.com\/index.php?rest_route=\/wp\/v2\/media\/11832"}],"wp:attachment":[{"href":"https:\/\/universiteactu.com\/index.php?rest_route=%2Fwp%2Fv2%2Fmedia&parent=11849"}],"wp:term":[{"taxonomy":"category","embeddable":true,"href":"https:\/\/universiteactu.com\/index.php?rest_route=%2Fwp%2Fv2%2Fcategories&post=11849"},{"taxonomy":"post_tag","embeddable":true,"href":"https:\/\/universiteactu.com\/index.php?rest_route=%2Fwp%2Fv2%2Ftags&post=11849"}],"curies":[{"name":"wp","href":"https:\/\/api.w.org\/{rel}","templated":true}]}}