{"id":11557,"date":"2021-12-22T18:15:29","date_gmt":"2021-12-22T17:15:29","guid":{"rendered":"http:\/\/universiteactu.com\/?p=11557"},"modified":"2021-12-22T18:17:30","modified_gmt":"2021-12-22T17:17:30","slug":"enseignement-technique-magouille-autour-de-la-bourse-offerte-par-la-tunisie-un-etudiant-se-plaint","status":"publish","type":"post","link":"https:\/\/universiteactu.com\/?p=11557","title":{"rendered":"Enseignement Technique: Magouille autour de la bourse offerte par la Tunisie?  Un \u00c9tudiant se plaint"},"content":{"rendered":"\n<p class=\"has-drop-cap\"><strong>Il se voyait d\u00e9j\u00e0 en Tunisie pour poursuivre sa formation acad\u00e9mique. Mais malheureusement \u00e7a ne sera certainement pas le cas. Car, au lieu des deux ou trois premiers par options, ce sont les premiers (majors) qui seront du voyage. &nbsp;Ce, dans le cadre d\u2019une bourse d\u2019\u00c9tude offerte par la Tunisie aux dipl\u00f4m\u00e9s des fili\u00e8res BTS (Brevet des Techniciens Sup\u00e9rieurs) des \u00c9coles Professionnelles.<\/strong><\/p>\n\n\n\n<p>Mohamed CAMARA est dipl\u00f4m\u00e9 de l\u2019Ecole Nationale de Secr\u00e9tariat d\u2019Administration et de Commerce (ENSAC), option agent comptable et gestionnaire de la session 2021. Il s\u2019est class\u00e9 deuxi\u00e8me de sa classe et pensait pouvoir b\u00e9n\u00e9ficier de la bourse. Car selon lui <strong><em>\u00ab&nbsp;dans un premier temps, notre Directeur des \u00e9tudes m\u2019avait appel\u00e9 de venir fournir les contacts des \u00e9tudiants b\u00e9n\u00e9ficiaires de la bourse. Il m\u2019a demand\u00e9 le num\u00e9ro des deux premiers de secr\u00e9tariat de r\u00e9daction, chez nous aussi agent comptable et gestionnaire, j\u2019ai fourni les quatre num\u00e9ros. En administration g\u00e9n\u00e9rale, j\u2019ai fourni aussi les trois num\u00e9ros. Le lendemain mon ami m\u2019a appel\u00e9 en me demandant si j\u2019ai \u00e9t\u00e9 contact\u00e9 par le service bourse&nbsp;? Je lui ai dit non. &nbsp;Une fois au service bourse pour m\u2019informer, j\u2019ai constat\u00e9 que ce sont les noms des premiers qui figurent sur la derni\u00e8re liste. Je ne connais pas le motif de la r\u00e9duction de l\u2019effectif&nbsp;\u00bb,<\/em><\/strong> s\u2019est plaint notre interlocuteur.<\/p>\n\n\n\n<p>Pour en savoir davantage, notre reporter a pris le soin de contacter un cadre du service bourse de l\u2019Enseignement Technique et de la Formation Professionnelle. D\u2019abord, Monsieur FOFANA a pr\u00e9cis\u00e9 que cette bourse ne concerne que les \u00e9tudiants des \u00e9coles professionnelles de type B c\u2019est-\u00e0-dire les \u00e9coles au sein desquelles, il y a des bacheliers.<\/p>\n\n\n\n<p>Sur le mode de s\u00e9lection des quinze b\u00e9n\u00e9ficiaires, Ibrahima FOFANA du service Coop\u00e9ration et bourse dira <strong><em>\u00ab&nbsp;au niveau de l\u2019ENSAC pour le type B nous avons trois fili\u00e8res seulement. A l\u2019\u00e9cole nationale des postes et t\u00e9l\u00e9communication de Kip\u00e9 il y a cinq. Ce qui fait 8 et \u00e0 l\u2019ENAM il y a 7 sept fili\u00e8res. Donc si tu prends le premier de chaque fili\u00e8re, \u00e7a fait juste les 15 (quinze) places. C\u2019est moi qui ai pris deux ou trois personnes au&nbsp; niveau des fili\u00e8res parce que, ce sont les sortants. Ils ne sont plus sous nos mains. Je me suis dit, vu l\u2019urgence, si je prends le premier je l\u2019appelle et qu\u2019il n\u2019est pas l\u00e0 ou quelque part il a trouv\u00e9 un emploi, je serai oblig\u00e9 de chercher encore le deuxi\u00e8me ou le troisi\u00e8me. C\u2019est comme \u00e7a que j\u2019ai propos\u00e9 deux au niveau de certaines fili\u00e8res&nbsp;\u00bb, <\/em><\/strong>a soutenu Ibrahima FOFANA charg\u00e9 de la coop\u00e9ration et des bourses au Minist\u00e8re de l\u2019Enseignement Technique, de la Formation Professionnelle et de l\u2019emploi.<\/p>\n\n\n\n<p>Pour preuve soutient-il, <strong><em>\u00ab&nbsp;il y a une boursi\u00e8re qui est venue me dire qu\u2019elle ne peut pas partir en Tunisie parce qu\u2019elle est enceinte. J\u2019ai trouv\u00e9 celle qui a \u00e9t\u00e9 la deuxi\u00e8me. J\u2019ai inform\u00e9 les autorit\u00e9s de son \u00e9cole pour qu\u2019elle puisse chercher les documents exig\u00e9s. Tous les boursiers ont \u00e9t\u00e9 soumis \u00e0 l\u2019observation du ministre qui a appr\u00e9ci\u00e9 apr\u00e8s validation par le service examen pour dire qu\u2019effectivement les gens qui ont \u00e9t\u00e9 choisis, ce sont eux les m\u00e9ritants. Il y a eu une note sign\u00e9e et cachet\u00e9e par le service examen. Ce n\u2019est pas une surprise que de telles choses soient dites. Je n\u2019ai pas de reproche \u00e0 me faire&nbsp;\u00bb,<\/em><\/strong> s\u2019est d\u00e9fendu Ibrahima FOFANA.<\/p>\n\n\n\n<p>actupremiere.com<\/p>\n","protected":false},"excerpt":{"rendered":"<p>Il se voyait d\u00e9j\u00e0 en Tunisie pour poursuivre sa formation acad\u00e9mique. Mais malheureusement \u00e7a ne sera certainement pas le cas. Car, au lieu des deux ou trois premiers par options, ce sont les premiers (majors) qui seront du voyage. &nbsp;Ce, dans le cadre d\u2019une bourse d\u2019\u00c9tude offerte par la Tunisie aux dipl\u00f4m\u00e9s des fili\u00e8res BTS [&hellip;]<\/p>\n","protected":false},"author":4,"featured_media":11558,"comment_status":"open","ping_status":"open","sticky":false,"template":"","format":"standard","meta":[],"categories":[12,2,15,14,16],"tags":[],"_links":{"self":[{"href":"https:\/\/universiteactu.com\/index.php?rest_route=\/wp\/v2\/posts\/11557"}],"collection":[{"href":"https:\/\/universiteactu.com\/index.php?rest_route=\/wp\/v2\/posts"}],"about":[{"href":"https:\/\/universiteactu.com\/index.php?rest_route=\/wp\/v2\/types\/post"}],"author":[{"embeddable":true,"href":"https:\/\/universiteactu.com\/index.php?rest_route=\/wp\/v2\/users\/4"}],"replies":[{"embeddable":true,"href":"https:\/\/universiteactu.com\/index.php?rest_route=%2Fwp%2Fv2%2Fcomments&post=11557"}],"version-history":[{"count":2,"href":"https:\/\/universiteactu.com\/index.php?rest_route=\/wp\/v2\/posts\/11557\/revisions"}],"predecessor-version":[{"id":11560,"href":"https:\/\/universiteactu.com\/index.php?rest_route=\/wp\/v2\/posts\/11557\/revisions\/11560"}],"wp:featuredmedia":[{"embeddable":true,"href":"https:\/\/universiteactu.com\/index.php?rest_route=\/wp\/v2\/media\/11558"}],"wp:attachment":[{"href":"https:\/\/universiteactu.com\/index.php?rest_route=%2Fwp%2Fv2%2Fmedia&parent=11557"}],"wp:term":[{"taxonomy":"category","embeddable":true,"href":"https:\/\/universiteactu.com\/index.php?rest_route=%2Fwp%2Fv2%2Fcategories&post=11557"},{"taxonomy":"post_tag","embeddable":true,"href":"https:\/\/universiteactu.com\/index.php?rest_route=%2Fwp%2Fv2%2Ftags&post=11557"}],"curies":[{"name":"wp","href":"https:\/\/api.w.org\/{rel}","templated":true}]}}