{"id":11362,"date":"2021-12-13T16:06:45","date_gmt":"2021-12-13T15:06:45","guid":{"rendered":"http:\/\/universiteactu.com\/?p=11362"},"modified":"2021-12-13T16:11:44","modified_gmt":"2021-12-13T15:11:44","slug":"education-faranah-inauguration-dune-ecole-par-lambassadeur-de-lallemagne-a-santiguia","status":"publish","type":"post","link":"https:\/\/universiteactu.com\/?p=11362","title":{"rendered":"\u00c9ducation\/Faranah: Inauguration dune \u00c9cole par l\u2019Ambassadeur de l&rsquo;Allemagne \u00e0 Santiguia"},"content":{"rendered":"\n<p class=\"has-drop-cap\">Inauguration d\u2019une \u00c9cole mod\u00e8le le 11 d\u00e9cembre \u00e0 Santiguia par l\u2019Ambassadeur Ulrich Meier-Tesch en pr\u00e9sence du pr\u00e9fet et du maire de Faranah. <\/p>\n\n\n\n<figure class=\"wp-block-image size-large\"><img decoding=\"async\" loading=\"lazy\" width=\"1024\" height=\"650\" src=\"http:\/\/universiteactu.com\/wp-content\/uploads\/2021\/12\/IMG-20211213-WA0079-1024x650.jpg\" alt=\"\" class=\"wp-image-11361\" srcset=\"https:\/\/universiteactu.com\/wp-content\/uploads\/2021\/12\/IMG-20211213-WA0079-1024x650.jpg 1024w, https:\/\/universiteactu.com\/wp-content\/uploads\/2021\/12\/IMG-20211213-WA0079-300x191.jpg 300w, https:\/\/universiteactu.com\/wp-content\/uploads\/2021\/12\/IMG-20211213-WA0079-768x488.jpg 768w, https:\/\/universiteactu.com\/wp-content\/uploads\/2021\/12\/IMG-20211213-WA0079-661x420.jpg 661w, https:\/\/universiteactu.com\/wp-content\/uploads\/2021\/12\/IMG-20211213-WA0079-640x407.jpg 640w, https:\/\/universiteactu.com\/wp-content\/uploads\/2021\/12\/IMG-20211213-WA0079-681x433.jpg 681w, https:\/\/universiteactu.com\/wp-content\/uploads\/2021\/12\/IMG-20211213-WA0079.jpg 1080w\" sizes=\"(max-width: 1024px) 100vw, 1024px\" \/><\/figure>\n\n\n\n<figure class=\"wp-block-image size-large\"><img decoding=\"async\" loading=\"lazy\" width=\"1024\" height=\"683\" src=\"http:\/\/universiteactu.com\/wp-content\/uploads\/2021\/12\/IMG-20211213-WA0080-1024x683.jpg\" alt=\"\" class=\"wp-image-11359\" srcset=\"https:\/\/universiteactu.com\/wp-content\/uploads\/2021\/12\/IMG-20211213-WA0080-1024x683.jpg 1024w, https:\/\/universiteactu.com\/wp-content\/uploads\/2021\/12\/IMG-20211213-WA0080-300x200.jpg 300w, https:\/\/universiteactu.com\/wp-content\/uploads\/2021\/12\/IMG-20211213-WA0080-768x512.jpg 768w, https:\/\/universiteactu.com\/wp-content\/uploads\/2021\/12\/IMG-20211213-WA0080-630x420.jpg 630w, https:\/\/universiteactu.com\/wp-content\/uploads\/2021\/12\/IMG-20211213-WA0080-640x427.jpg 640w, https:\/\/universiteactu.com\/wp-content\/uploads\/2021\/12\/IMG-20211213-WA0080-681x454.jpg 681w, https:\/\/universiteactu.com\/wp-content\/uploads\/2021\/12\/IMG-20211213-WA0080.jpg 1080w\" sizes=\"(max-width: 1024px) 100vw, 1024px\" \/><\/figure>\n\n\n\n<p>Financ\u00e9 par la coop\u00e9ration Allemande, cette \u00c9cole a \u00e9t\u00e9 con\u00e7ue en collaboration par des \u00c9tudiants d\u2019architecture des Universit\u00e9s de Aachen, D\u00fcsseldorf et Conakry et leurs Professeurs.<\/p>\n\n\n\n<figure class=\"wp-block-image size-large\"><img decoding=\"async\" loading=\"lazy\" width=\"1024\" height=\"768\" src=\"http:\/\/universiteactu.com\/wp-content\/uploads\/2021\/12\/IMG-20211213-WA0082-1024x768.jpg\" alt=\"\" class=\"wp-image-11360\" srcset=\"https:\/\/universiteactu.com\/wp-content\/uploads\/2021\/12\/IMG-20211213-WA0082-1024x768.jpg 1024w, https:\/\/universiteactu.com\/wp-content\/uploads\/2021\/12\/IMG-20211213-WA0082-300x225.jpg 300w, https:\/\/universiteactu.com\/wp-content\/uploads\/2021\/12\/IMG-20211213-WA0082-768x576.jpg 768w, https:\/\/universiteactu.com\/wp-content\/uploads\/2021\/12\/IMG-20211213-WA0082-560x420.jpg 560w, https:\/\/universiteactu.com\/wp-content\/uploads\/2021\/12\/IMG-20211213-WA0082-80x60.jpg 80w, https:\/\/universiteactu.com\/wp-content\/uploads\/2021\/12\/IMG-20211213-WA0082-100x75.jpg 100w, https:\/\/universiteactu.com\/wp-content\/uploads\/2021\/12\/IMG-20211213-WA0082-180x135.jpg 180w, https:\/\/universiteactu.com\/wp-content\/uploads\/2021\/12\/IMG-20211213-WA0082-238x178.jpg 238w, https:\/\/universiteactu.com\/wp-content\/uploads\/2021\/12\/IMG-20211213-WA0082-640x480.jpg 640w, https:\/\/universiteactu.com\/wp-content\/uploads\/2021\/12\/IMG-20211213-WA0082-681x511.jpg 681w, https:\/\/universiteactu.com\/wp-content\/uploads\/2021\/12\/IMG-20211213-WA0082.jpg 1080w\" sizes=\"(max-width: 1024px) 100vw, 1024px\" \/><\/figure>\n\n\n\n<figure class=\"wp-block-image size-large\"><img decoding=\"async\" loading=\"lazy\" width=\"960\" height=\"1024\" src=\"http:\/\/universiteactu.com\/wp-content\/uploads\/2021\/12\/IMG-20211213-WA0078-960x1024.jpg\" alt=\"\" class=\"wp-image-11358\" srcset=\"https:\/\/universiteactu.com\/wp-content\/uploads\/2021\/12\/IMG-20211213-WA0078-960x1024.jpg 960w, https:\/\/universiteactu.com\/wp-content\/uploads\/2021\/12\/IMG-20211213-WA0078-281x300.jpg 281w, https:\/\/universiteactu.com\/wp-content\/uploads\/2021\/12\/IMG-20211213-WA0078-768x819.jpg 768w, https:\/\/universiteactu.com\/wp-content\/uploads\/2021\/12\/IMG-20211213-WA0078-394x420.jpg 394w, https:\/\/universiteactu.com\/wp-content\/uploads\/2021\/12\/IMG-20211213-WA0078-640x683.jpg 640w, https:\/\/universiteactu.com\/wp-content\/uploads\/2021\/12\/IMG-20211213-WA0078-681x726.jpg 681w, https:\/\/universiteactu.com\/wp-content\/uploads\/2021\/12\/IMG-20211213-WA0078.jpg 1036w\" sizes=\"(max-width: 960px) 100vw, 960px\" \/><\/figure>\n\n\n\n<p>&nbsp;Les principales innovations : les murs et les plafonds en briques de lat\u00e9rite renforc\u00e9s produits localement, le syst\u00e8me de ventilation des classes \u00e0 travers des voutes, le toit sur\u00e9lev\u00e9 et r\u00e9sistant aux vents. Ce b\u00e2timent est un vrai bijou !<\/p>\n\n\n\n<p>Page\/Ambassade d&rsquo;Allemagne<\/p>\n","protected":false},"excerpt":{"rendered":"<p>Inauguration d\u2019une \u00c9cole mod\u00e8le le 11 d\u00e9cembre \u00e0 Santiguia par l\u2019Ambassadeur Ulrich Meier-Tesch en pr\u00e9sence du pr\u00e9fet et du maire de Faranah. Financ\u00e9 par la coop\u00e9ration Allemande, cette \u00c9cole a \u00e9t\u00e9 con\u00e7ue en collaboration par des \u00c9tudiants d\u2019architecture des Universit\u00e9s de Aachen, D\u00fcsseldorf et Conakry et leurs Professeurs. &nbsp;Les principales innovations : les murs et [&hellip;]<\/p>\n","protected":false},"author":4,"featured_media":11364,"comment_status":"open","ping_status":"open","sticky":false,"template":"","format":"standard","meta":[],"categories":[2],"tags":[],"_links":{"self":[{"href":"https:\/\/universiteactu.com\/index.php?rest_route=\/wp\/v2\/posts\/11362"}],"collection":[{"href":"https:\/\/universiteactu.com\/index.php?rest_route=\/wp\/v2\/posts"}],"about":[{"href":"https:\/\/universiteactu.com\/index.php?rest_route=\/wp\/v2\/types\/post"}],"author":[{"embeddable":true,"href":"https:\/\/universiteactu.com\/index.php?rest_route=\/wp\/v2\/users\/4"}],"replies":[{"embeddable":true,"href":"https:\/\/universiteactu.com\/index.php?rest_route=%2Fwp%2Fv2%2Fcomments&post=11362"}],"version-history":[{"count":2,"href":"https:\/\/universiteactu.com\/index.php?rest_route=\/wp\/v2\/posts\/11362\/revisions"}],"predecessor-version":[{"id":11365,"href":"https:\/\/universiteactu.com\/index.php?rest_route=\/wp\/v2\/posts\/11362\/revisions\/11365"}],"wp:featuredmedia":[{"embeddable":true,"href":"https:\/\/universiteactu.com\/index.php?rest_route=\/wp\/v2\/media\/11364"}],"wp:attachment":[{"href":"https:\/\/universiteactu.com\/index.php?rest_route=%2Fwp%2Fv2%2Fmedia&parent=11362"}],"wp:term":[{"taxonomy":"category","embeddable":true,"href":"https:\/\/universiteactu.com\/index.php?rest_route=%2Fwp%2Fv2%2Fcategories&post=11362"},{"taxonomy":"post_tag","embeddable":true,"href":"https:\/\/universiteactu.com\/index.php?rest_route=%2Fwp%2Fv2%2Ftags&post=11362"}],"curies":[{"name":"wp","href":"https:\/\/api.w.org\/{rel}","templated":true}]}}