{"id":10923,"date":"2021-11-29T20:19:20","date_gmt":"2021-11-29T19:19:20","guid":{"rendered":"http:\/\/universiteactu.com\/?p=10923"},"modified":"2021-11-29T20:20:47","modified_gmt":"2021-11-29T19:20:47","slug":"metfp-audiences-dans-le-cadre-du-partenariat","status":"publish","type":"post","link":"https:\/\/universiteactu.com\/?p=10923","title":{"rendered":"METFP: Audiences dans le cadre du partenariat"},"content":{"rendered":"\n<p class=\"has-drop-cap\">Entre les \u00c9coles de Formation Professionnelle et le secteur priv\u00e9, le Ministre a successivement rencontr\u00e9 ce lundi 29 Novembre 2021, Phillipe MPECK Directeur de projets du CEGEP TROIS RIVIERES du Canada pour l\u2019am\u00e9lioration des programmes de formation des centres de formation professionnelle, ensuite le Ministre a re\u00e7u Abdoul DIALLO du groupe SONOCO pour la relance d\u2019un projet de partenariat entre le d\u00e9partement et l\u2019entreprise.\u00a0<\/p>\n\n\n\n<figure class=\"wp-block-image size-large\"><img decoding=\"async\" loading=\"lazy\" width=\"720\" height=\"540\" src=\"http:\/\/universiteactu.com\/wp-content\/uploads\/2021\/11\/FB_IMG_1638210635644.jpg\" alt=\"\" class=\"wp-image-10913\" srcset=\"https:\/\/universiteactu.com\/wp-content\/uploads\/2021\/11\/FB_IMG_1638210635644.jpg 720w, https:\/\/universiteactu.com\/wp-content\/uploads\/2021\/11\/FB_IMG_1638210635644-300x225.jpg 300w, https:\/\/universiteactu.com\/wp-content\/uploads\/2021\/11\/FB_IMG_1638210635644-560x420.jpg 560w, https:\/\/universiteactu.com\/wp-content\/uploads\/2021\/11\/FB_IMG_1638210635644-80x60.jpg 80w, https:\/\/universiteactu.com\/wp-content\/uploads\/2021\/11\/FB_IMG_1638210635644-100x75.jpg 100w, https:\/\/universiteactu.com\/wp-content\/uploads\/2021\/11\/FB_IMG_1638210635644-180x135.jpg 180w, https:\/\/universiteactu.com\/wp-content\/uploads\/2021\/11\/FB_IMG_1638210635644-238x178.jpg 238w, https:\/\/universiteactu.com\/wp-content\/uploads\/2021\/11\/FB_IMG_1638210635644-640x480.jpg 640w, https:\/\/universiteactu.com\/wp-content\/uploads\/2021\/11\/FB_IMG_1638210635644-681x511.jpg 681w\" sizes=\"(max-width: 720px) 100vw, 720px\" \/><\/figure>\n\n\n\n<figure class=\"wp-block-image size-large\"><img decoding=\"async\" loading=\"lazy\" width=\"720\" height=\"405\" src=\"http:\/\/universiteactu.com\/wp-content\/uploads\/2021\/11\/FB_IMG_1638210658916.jpg\" alt=\"\" class=\"wp-image-10916\" srcset=\"https:\/\/universiteactu.com\/wp-content\/uploads\/2021\/11\/FB_IMG_1638210658916.jpg 720w, https:\/\/universiteactu.com\/wp-content\/uploads\/2021\/11\/FB_IMG_1638210658916-300x169.jpg 300w, https:\/\/universiteactu.com\/wp-content\/uploads\/2021\/11\/FB_IMG_1638210658916-640x360.jpg 640w, https:\/\/universiteactu.com\/wp-content\/uploads\/2021\/11\/FB_IMG_1638210658916-681x383.jpg 681w\" sizes=\"(max-width: 720px) 100vw, 720px\" \/><\/figure>\n\n\n\n<p>La journ\u00e9e s&rsquo;est termin\u00e9e par l&rsquo;installation de la nouvelle Cheffe de Cabinet du d\u00e9partement Mme Yansan\u00e9 Fatou BALDE.<\/p>\n\n\n\n<p><br>SCRP\/METFP<\/p>\n","protected":false},"excerpt":{"rendered":"<p>Entre les \u00c9coles de Formation Professionnelle et le secteur priv\u00e9, le Ministre a successivement rencontr\u00e9 ce lundi 29 Novembre 2021, Phillipe MPECK Directeur de projets du CEGEP TROIS RIVIERES du Canada pour l\u2019am\u00e9lioration des programmes de formation des centres de formation professionnelle, ensuite le Ministre a re\u00e7u Abdoul DIALLO du groupe SONOCO pour la relance [&hellip;]<\/p>\n","protected":false},"author":4,"featured_media":10915,"comment_status":"open","ping_status":"open","sticky":false,"template":"","format":"standard","meta":[],"categories":[12,2,15,14,16],"tags":[],"_links":{"self":[{"href":"https:\/\/universiteactu.com\/index.php?rest_route=\/wp\/v2\/posts\/10923"}],"collection":[{"href":"https:\/\/universiteactu.com\/index.php?rest_route=\/wp\/v2\/posts"}],"about":[{"href":"https:\/\/universiteactu.com\/index.php?rest_route=\/wp\/v2\/types\/post"}],"author":[{"embeddable":true,"href":"https:\/\/universiteactu.com\/index.php?rest_route=\/wp\/v2\/users\/4"}],"replies":[{"embeddable":true,"href":"https:\/\/universiteactu.com\/index.php?rest_route=%2Fwp%2Fv2%2Fcomments&post=10923"}],"version-history":[{"count":2,"href":"https:\/\/universiteactu.com\/index.php?rest_route=\/wp\/v2\/posts\/10923\/revisions"}],"predecessor-version":[{"id":10925,"href":"https:\/\/universiteactu.com\/index.php?rest_route=\/wp\/v2\/posts\/10923\/revisions\/10925"}],"wp:featuredmedia":[{"embeddable":true,"href":"https:\/\/universiteactu.com\/index.php?rest_route=\/wp\/v2\/media\/10915"}],"wp:attachment":[{"href":"https:\/\/universiteactu.com\/index.php?rest_route=%2Fwp%2Fv2%2Fmedia&parent=10923"}],"wp:term":[{"taxonomy":"category","embeddable":true,"href":"https:\/\/universiteactu.com\/index.php?rest_route=%2Fwp%2Fv2%2Fcategories&post=10923"},{"taxonomy":"post_tag","embeddable":true,"href":"https:\/\/universiteactu.com\/index.php?rest_route=%2Fwp%2Fv2%2Ftags&post=10923"}],"curies":[{"name":"wp","href":"https:\/\/api.w.org\/{rel}","templated":true}]}}