{"id":10696,"date":"2021-11-24T16:37:11","date_gmt":"2021-11-24T15:37:11","guid":{"rendered":"http:\/\/universiteactu.com\/?p=10696"},"modified":"2021-11-24T16:41:37","modified_gmt":"2021-11-24T15:41:37","slug":"%f0%9d%90%8c%f0%9d%90%84%f0%9d%90%91%f0%9d%90%82%f0%9d%90%91%f0%9d%90%84%f0%9d%90%83%f0%9d%90%88-%f0%9d%9f%90%f0%9d%9f%92-%f0%9d%90%8d%f0%9d%90%8e%f0%9d%90%95%f0%9d%90%84%f0%9d%90%8c%f0%9d%90%81","status":"publish","type":"post","link":"https:\/\/universiteactu.com\/?p=10696","title":{"rendered":"MESRSI: Pr\u00e9sentation du projet d&rsquo;extension et de r\u00e9habilitation de l&rsquo;Universit\u00e9 de Kindia"},"content":{"rendered":"\n<p class=\"has-drop-cap\">T\u00f4t ce matin, la Ministre de l\u2019Enseignement Sup\u00e9rieur, de la Recherche Scientifique et de l&rsquo;Innovation a re\u00e7u Dr Daniel LAMAH, Recteur de l&rsquo;Universit\u00e9 de Kindia.&nbsp;<\/p>\n\n\n\n<figure class=\"wp-block-image size-large\"><img decoding=\"async\" loading=\"lazy\" width=\"720\" height=\"536\" src=\"http:\/\/universiteactu.com\/wp-content\/uploads\/2021\/11\/FB_IMG_1637767053003.jpg\" alt=\"\" class=\"wp-image-10687\" srcset=\"https:\/\/universiteactu.com\/wp-content\/uploads\/2021\/11\/FB_IMG_1637767053003.jpg 720w, https:\/\/universiteactu.com\/wp-content\/uploads\/2021\/11\/FB_IMG_1637767053003-300x223.jpg 300w, https:\/\/universiteactu.com\/wp-content\/uploads\/2021\/11\/FB_IMG_1637767053003-564x420.jpg 564w, https:\/\/universiteactu.com\/wp-content\/uploads\/2021\/11\/FB_IMG_1637767053003-80x60.jpg 80w, https:\/\/universiteactu.com\/wp-content\/uploads\/2021\/11\/FB_IMG_1637767053003-100x75.jpg 100w, https:\/\/universiteactu.com\/wp-content\/uploads\/2021\/11\/FB_IMG_1637767053003-180x135.jpg 180w, https:\/\/universiteactu.com\/wp-content\/uploads\/2021\/11\/FB_IMG_1637767053003-238x178.jpg 238w, https:\/\/universiteactu.com\/wp-content\/uploads\/2021\/11\/FB_IMG_1637767053003-640x476.jpg 640w, https:\/\/universiteactu.com\/wp-content\/uploads\/2021\/11\/FB_IMG_1637767053003-681x507.jpg 681w\" sizes=\"(max-width: 720px) 100vw, 720px\" \/><figcaption><strong><em>Dr Daniel LAMAH, Recteur de l&rsquo;Universit\u00e9 de Kindia<\/em><\/strong><\/figcaption><\/figure>\n\n\n\n<p>Cette r\u00e9union avait pour but de pr\u00e9senter \u00e0 Madame la Ministre, le Projet d\u2019Extension et de R\u00e9habilitation de l&rsquo;Universit\u00e9 de Kindia.&nbsp;<br>Apr\u00e8s avoir pris note des projets \u00e9num\u00e9r\u00e9s par le Recteur, Dre Diaka SIDIB\u00c9 s&rsquo;est r\u00e9jouie du dynamisme, de l\u2019engagement et de l\u2019ambition positive qui animent les autorit\u00e9s de cette Universit\u00e9.<\/p>\n\n\n\n<p>&nbsp;Poursuivant, Madame la Ministre a souhait\u00e9 l\u2019implication de tous les acteurs pouvant accompagner la mise en \u0153uvre de ce projet.&nbsp;<\/p>\n\n\n\n<p>Pour finir, Dre Diaka SIDIB\u00c9 a exprim\u00e9 sa disponibilit\u00e9 \u00e0 accompagner les IES dans leurs projets de d\u00e9veloppement, afin de faire des Universit\u00e9s guin\u00e9ennes une r\u00e9f\u00e9rence dans la sous r\u00e9gion.<\/p>\n\n\n\n<p>SCRP\/MESRSI&nbsp;<\/p>\n","protected":false},"excerpt":{"rendered":"<p>T\u00f4t ce matin, la Ministre de l\u2019Enseignement Sup\u00e9rieur, de la Recherche Scientifique et de l&rsquo;Innovation a re\u00e7u Dr Daniel LAMAH, Recteur de l&rsquo;Universit\u00e9 de Kindia.&nbsp; Cette r\u00e9union avait pour but de pr\u00e9senter \u00e0 Madame la Ministre, le Projet d\u2019Extension et de R\u00e9habilitation de l&rsquo;Universit\u00e9 de Kindia.&nbsp;Apr\u00e8s avoir pris note des projets \u00e9num\u00e9r\u00e9s par le Recteur, [&hellip;]<\/p>\n","protected":false},"author":4,"featured_media":10683,"comment_status":"open","ping_status":"open","sticky":false,"template":"","format":"standard","meta":[],"categories":[9,17,2,13,7,6,8],"tags":[],"_links":{"self":[{"href":"https:\/\/universiteactu.com\/index.php?rest_route=\/wp\/v2\/posts\/10696"}],"collection":[{"href":"https:\/\/universiteactu.com\/index.php?rest_route=\/wp\/v2\/posts"}],"about":[{"href":"https:\/\/universiteactu.com\/index.php?rest_route=\/wp\/v2\/types\/post"}],"author":[{"embeddable":true,"href":"https:\/\/universiteactu.com\/index.php?rest_route=\/wp\/v2\/users\/4"}],"replies":[{"embeddable":true,"href":"https:\/\/universiteactu.com\/index.php?rest_route=%2Fwp%2Fv2%2Fcomments&post=10696"}],"version-history":[{"count":2,"href":"https:\/\/universiteactu.com\/index.php?rest_route=\/wp\/v2\/posts\/10696\/revisions"}],"predecessor-version":[{"id":10699,"href":"https:\/\/universiteactu.com\/index.php?rest_route=\/wp\/v2\/posts\/10696\/revisions\/10699"}],"wp:featuredmedia":[{"embeddable":true,"href":"https:\/\/universiteactu.com\/index.php?rest_route=\/wp\/v2\/media\/10683"}],"wp:attachment":[{"href":"https:\/\/universiteactu.com\/index.php?rest_route=%2Fwp%2Fv2%2Fmedia&parent=10696"}],"wp:term":[{"taxonomy":"category","embeddable":true,"href":"https:\/\/universiteactu.com\/index.php?rest_route=%2Fwp%2Fv2%2Fcategories&post=10696"},{"taxonomy":"post_tag","embeddable":true,"href":"https:\/\/universiteactu.com\/index.php?rest_route=%2Fwp%2Fv2%2Ftags&post=10696"}],"curies":[{"name":"wp","href":"https:\/\/api.w.org\/{rel}","templated":true}]}}