{"id":1056,"date":"2019-02-11T22:29:21","date_gmt":"2019-02-11T21:29:21","guid":{"rendered":"http:\/\/universiteactu.com\/?p=1056"},"modified":"2019-02-11T22:29:25","modified_gmt":"2019-02-11T21:29:25","slug":"mutations-des-enseignants-fictifs-ils-savent-que-ce-ne-sont-pas-des-enseignants","status":"publish","type":"post","link":"https:\/\/universiteactu.com\/?p=1056","title":{"rendered":"Mutations des enseignants  fictifs : \u00ab ils savent que ce ne sont pas des enseignants \u00bb"},"content":{"rendered":"\n<p>\n\n\u00c0 travers un arr\u00eat\u00e9 sign\u00e9 du ministre de la Fonction publique Billy Nankouma Doumbouya, plusieurs \u00ab fonctionnaires \u00bb relevant du minist\u00e8re de l\u2019\u00c9ducation nationale et de l\u2019Alphab\u00e9tisation ont \u00e9t\u00e9 affect\u00e9s dans des diff\u00e9rents d\u00e9partements minist\u00e9riels.<\/p>\n\n\n\n<p>Ils sont au total 54 fonctionnaires, tous issus du d\u00e9partement en charge de l\u2019enseignement pr\u00e9-universitaire. Autre fait, ce qu\u2019on y retrouve sur la liste, plusieurs jeunes \u00ab communicants \u00bb du parti au pouvoir le Rpg Arc-en-ciel.<\/p>\n\n\n\n<p>Ces diff\u00e9rentes mutations interviennent seulement apr\u00e8s la mise en place de la commission tripartite, sens\u00e9e assainir le fichier de l\u2019ensemble des ensembles.<\/p>\n\n\n\n<p>Au SLECG, on estime que ces mutations sont une mani\u00e8re pour le gouvernement de faire \u00e9chapper certains soi-disant fonctionnaires au contr\u00f4le des fictifs :\u00ab Je pr\u00e9cise que ce ne sont pas des enseignants. Aucun d\u2019entre eux n\u2019\u00e9tait en situation de classe. Ils ont \u00e9t\u00e9 recrut\u00e9s \u00e0 la faveur de la gr\u00e8ve de f\u00e9vrier 2018, puisqu\u2019il est question d\u00e9sormais de proc\u00e9der \u00e0 l\u2019assaisonnement du fichier des fonctionnaires de l\u2019\u00e9ducation, ils ont jug\u00e9s n\u00e9cessaires de les extirper. Consciencieusement, ils savent que ce ne sont pas des enseignants. Ils ont \u00e9t\u00e9 r\u00e9compens\u00e9s juste pour les injures grossi\u00e8res \u00bb a fait savoir le porte-parole du Slecg Mohamed Bangoura dans une radio de la place ce jeudi 07 janvier 2019.<\/p>\n\n\n\n<figure class=\"wp-block-image\"><img decoding=\"async\" loading=\"lazy\" width=\"503\" height=\"677\" src=\"http:\/\/universiteactu.com\/wp-content\/uploads\/2019\/02\/MENA.jpg\" alt=\"\" class=\"wp-image-1057\" srcset=\"https:\/\/universiteactu.com\/wp-content\/uploads\/2019\/02\/MENA.jpg 503w, https:\/\/universiteactu.com\/wp-content\/uploads\/2019\/02\/MENA-223x300.jpg 223w, https:\/\/universiteactu.com\/wp-content\/uploads\/2019\/02\/MENA-312x420.jpg 312w\" sizes=\"(max-width: 503px) 100vw, 503px\" \/><\/figure>\n\n\n\n<figure class=\"wp-block-image\"><img decoding=\"async\" loading=\"lazy\" width=\"644\" height=\"856\" src=\"http:\/\/universiteactu.com\/wp-content\/uploads\/2019\/02\/MENA12.jpg\" alt=\"\" class=\"wp-image-1058\" srcset=\"https:\/\/universiteactu.com\/wp-content\/uploads\/2019\/02\/MENA12.jpg 644w, https:\/\/universiteactu.com\/wp-content\/uploads\/2019\/02\/MENA12-226x300.jpg 226w, https:\/\/universiteactu.com\/wp-content\/uploads\/2019\/02\/MENA12-316x420.jpg 316w, https:\/\/universiteactu.com\/wp-content\/uploads\/2019\/02\/MENA12-640x851.jpg 640w\" sizes=\"(max-width: 644px) 100vw, 644px\" \/><\/figure>\n\n\n\n<figure class=\"wp-block-image\"><img decoding=\"async\" loading=\"lazy\" width=\"720\" height=\"902\" src=\"http:\/\/universiteactu.com\/wp-content\/uploads\/2019\/02\/MENA2.jpg\" alt=\"\" class=\"wp-image-1059\" srcset=\"https:\/\/universiteactu.com\/wp-content\/uploads\/2019\/02\/MENA2.jpg 720w, https:\/\/universiteactu.com\/wp-content\/uploads\/2019\/02\/MENA2-239x300.jpg 239w, https:\/\/universiteactu.com\/wp-content\/uploads\/2019\/02\/MENA2-335x420.jpg 335w, https:\/\/universiteactu.com\/wp-content\/uploads\/2019\/02\/MENA2-640x802.jpg 640w, https:\/\/universiteactu.com\/wp-content\/uploads\/2019\/02\/MENA2-681x853.jpg 681w\" sizes=\"(max-width: 720px) 100vw, 720px\" \/><\/figure>\n\n\n\n<p>SOW M\u00d4 YAYE,pour\u00a0universiteactu.com<\/p>\n","protected":false},"excerpt":{"rendered":"<p>\u00c0 travers un arr\u00eat\u00e9 sign\u00e9 du ministre de la Fonction publique Billy Nankouma Doumbouya, plusieurs \u00ab fonctionnaires \u00bb relevant du minist\u00e8re de l\u2019\u00c9ducation nationale et de l\u2019Alphab\u00e9tisation ont \u00e9t\u00e9 affect\u00e9s dans des diff\u00e9rents d\u00e9partements minist\u00e9riels. Ils sont au total 54 fonctionnaires, tous issus du d\u00e9partement en charge de l\u2019enseignement pr\u00e9-universitaire. Autre fait, ce qu\u2019on y [&hellip;]<\/p>\n","protected":false},"author":1,"featured_media":1060,"comment_status":"open","ping_status":"open","sticky":false,"template":"","format":"standard","meta":[],"categories":[2,21],"tags":[],"_links":{"self":[{"href":"https:\/\/universiteactu.com\/index.php?rest_route=\/wp\/v2\/posts\/1056"}],"collection":[{"href":"https:\/\/universiteactu.com\/index.php?rest_route=\/wp\/v2\/posts"}],"about":[{"href":"https:\/\/universiteactu.com\/index.php?rest_route=\/wp\/v2\/types\/post"}],"author":[{"embeddable":true,"href":"https:\/\/universiteactu.com\/index.php?rest_route=\/wp\/v2\/users\/1"}],"replies":[{"embeddable":true,"href":"https:\/\/universiteactu.com\/index.php?rest_route=%2Fwp%2Fv2%2Fcomments&post=1056"}],"version-history":[{"count":1,"href":"https:\/\/universiteactu.com\/index.php?rest_route=\/wp\/v2\/posts\/1056\/revisions"}],"predecessor-version":[{"id":1061,"href":"https:\/\/universiteactu.com\/index.php?rest_route=\/wp\/v2\/posts\/1056\/revisions\/1061"}],"wp:featuredmedia":[{"embeddable":true,"href":"https:\/\/universiteactu.com\/index.php?rest_route=\/wp\/v2\/media\/1060"}],"wp:attachment":[{"href":"https:\/\/universiteactu.com\/index.php?rest_route=%2Fwp%2Fv2%2Fmedia&parent=1056"}],"wp:term":[{"taxonomy":"category","embeddable":true,"href":"https:\/\/universiteactu.com\/index.php?rest_route=%2Fwp%2Fv2%2Fcategories&post=1056"},{"taxonomy":"post_tag","embeddable":true,"href":"https:\/\/universiteactu.com\/index.php?rest_route=%2Fwp%2Fv2%2Ftags&post=1056"}],"curies":[{"name":"wp","href":"https:\/\/api.w.org\/{rel}","templated":true}]}}